{"id":51,"date":"2021-03-16T15:00:42","date_gmt":"2021-03-16T14:00:42","guid":{"rendered":"http:\/\/patmos.be\/?p=51"},"modified":"2026-01-17T16:39:58","modified_gmt":"2026-01-17T15:39:58","slug":"travaux","status":"publish","type":"post","link":"https:\/\/patmos.be\/?p=51","title":{"rendered":"Travaux"},"content":{"rendered":"\n<p>Ils sont exclusivement d\u2019ordre symbolique et initiatique, exceptionnellement historique. La loge proc\u00e8de&nbsp;par cycles de six mois environ afin d\u2019approfondir les th\u00e8mes choisis. Outre les expos\u00e9s magistraux, elle recourt aux \u00ab travaux collectifs \u00bb, chaque Fr\u00e8re Ma\u00eetre \u00e9tant invit\u00e9 \u00e0 disserter quelques minutes sur un sujet annonc\u00e9 et pr\u00e9par\u00e9 \u00e0 l\u2019avance. Ces travaux sont ensuite imprim\u00e9s et distribu\u00e9s \u00e0 tous.<\/p>\n\n\n\n<p>Les r\u00e9ceptions aux trois premiers grades sont strictement individuelles.<\/p>\n\n\n\n<p class=\"has-text-align-center has-pale-cyan-blue-color has-text-color has-large-font-size\"><strong>Calendrier des Tenue 2026<\/strong><\/p>\n\n\n<div class=\"wp-block-table is-style-stripes\">\n<p>&nbsp;<\/p>\n<table style=\"height: 725px;\" width=\"851\">\n<tbody>\n<tr>\n<td><strong>Vendredi<\/strong><br \/><strong>9\u00a0 janvier 2026<\/strong><\/td>\n<td>1er grade<\/td>\n<td>\n<p>Travail : tenue administrative.<\/p>\n<p>Tenue sombre &#8211; Agapes<\/p>\n<\/td>\n<\/tr>\n<tr>\n<td>\n<p><strong>Vendredi<br \/><\/strong><strong>6 f\u00e9vrier <\/strong><strong>2026<\/strong><\/p>\n<\/td>\n<td>1er grade<\/td>\n<td>\n<p>Travail : r\u00e9ception d&rsquo;un profane.<\/p>\n<p>Tenue sombre &#8211; Agapes.<\/p>\n<\/td>\n<\/tr>\n<tr>\n<td>\n<p><strong>Vendredi<\/strong><br \/><strong>20<\/strong><strong> mars<br \/>2026<\/strong><\/p>\n<\/td>\n<td style=\"text-align: left;\">1er grade<\/td>\n<td>\n<p>Travail : lecture d&rsquo;un morceau d&rsquo;architecture :\u00a0 \u00ab Que venons nous faire en loge \u00bb pr\u00e9sent\u00e9 par le\u00a0 V.F. G.B.<\/p>\n<p>Tenue sombre &#8211; Agapes.<\/p>\n<\/td>\n<\/tr>\n<tr>\n<td><strong>Vendredi<br \/>17 avril <br \/>2026<\/strong><\/td>\n<td>1er grade<\/td>\n<td>\n<p>Travail : lecture d&rsquo;un morceau d&rsquo;architecture : \u00ab Le devoir de transmission \u00bb pr\u00e9sent\u00e9 par le\u00a0 V.F. R.N.<\/p>\n<p>Tenue sombre &#8211; Agapes\u00a0<\/p>\n<\/td>\n<\/tr>\n<tr>\n<td>\n<p><strong>vendredi<br \/>15 mai<br \/>2026<\/strong><\/p>\n<\/td>\n<td>1er grade<\/td>\n<td>\n<p>Travail : lecture d&rsquo;un morceau d&rsquo;architecture : \u00ab Le c\u0153ur \u00bb pr\u00e9sent\u00e9 par le\u00a0 B.A.F. A.V.H.<\/p>\n<p>Tenue sombre &#8211; Agapes\u00a0<\/p>\n<\/td>\n<\/tr>\n<tr>\n<td><strong>Dimanche<br \/>21 juin<br \/>2026<\/strong><\/td>\n<td>1er grade<\/td>\n<td>\n<p><span style=\"color: #0000ff;\"><strong>Tenue des Roses de Lumi\u00e8re.<\/strong><\/span><\/p>\n<p>Tenue sombre &#8211; Agapes.<\/p>\n<p>&nbsp;<\/p>\n<\/td>\n<\/tr>\n<\/tbody>\n<\/table>\n<\/div>\n\n\n<p><\/p>\n\n\n\n<p><\/p>\n\n\n<ul class=\"wp-block-latest-posts__list is-grid columns-3 wp-block-latest-posts\"><li><a class=\"wp-block-latest-posts__post-title\" href=\"https:\/\/patmos.be\/?p=1\">O\u00f9 est-elle situ\u00e9e\u00a0?<\/a><\/li>\n<li><a class=\"wp-block-latest-posts__post-title\" href=\"https:\/\/patmos.be\/?p=31\">Conf\u00e9rences donn\u00e9es<\/a><\/li>\n<li><a class=\"wp-block-latest-posts__post-title\" href=\"https:\/\/patmos.be\/?p=39\">Tenues<\/a><\/li>\n<li><a class=\"wp-block-latest-posts__post-title\" href=\"https:\/\/patmos.be\/?p=41\">Rite<\/a><\/li>\n<li><a class=\"wp-block-latest-posts__post-title\" href=\"https:\/\/patmos.be\/?p=43\">R\u00e8gle<\/a><\/li>\n<\/ul>\n\n\n\n\n<p><\/p>\n\n\n\n\n\n<div class=\"wp-block-group\"><div class=\"wp-block-group__inner-container is-layout-constrained wp-block-group-is-layout-constrained\">\n<p><\/p>\n<\/div><\/div>\n","protected":false},"excerpt":{"rendered":"<p>Ils sont exclusivement d\u2019ordre symbolique et initiatique, exceptionnellement historique. La loge proc\u00e8de&nbsp;par cycles de six mois environ afin d\u2019approfondir les th\u00e8mes choisis. Outre les expos\u00e9s magistraux, elle recourt aux \u00ab travaux collectifs \u00bb, chaque Fr\u00e8re Ma\u00eetre \u00e9tant invit\u00e9&#8230; <a class=\"read-more\" href=\"https:\/\/patmos.be\/?p=51\">Read More<\/a><\/p>\n","protected":false},"author":1,"featured_media":0,"comment_status":"closed","ping_status":"open","sticky":false,"template":"","format":"standard","meta":{"footnotes":""},"categories":[1],"tags":[],"class_list":["post-51","post","type-post","status-publish","format-standard","hentry","category-non-classe","no-comments"],"_links":{"self":[{"href":"https:\/\/patmos.be\/index.php?rest_route=\/wp\/v2\/posts\/51","targetHints":{"allow":["GET"]}}],"collection":[{"href":"https:\/\/patmos.be\/index.php?rest_route=\/wp\/v2\/posts"}],"about":[{"href":"https:\/\/patmos.be\/index.php?rest_route=\/wp\/v2\/types\/post"}],"author":[{"embeddable":true,"href":"https:\/\/patmos.be\/index.php?rest_route=\/wp\/v2\/users\/1"}],"replies":[{"embeddable":true,"href":"https:\/\/patmos.be\/index.php?rest_route=%2Fwp%2Fv2%2Fcomments&post=51"}],"version-history":[{"count":55,"href":"https:\/\/patmos.be\/index.php?rest_route=\/wp\/v2\/posts\/51\/revisions"}],"predecessor-version":[{"id":649,"href":"https:\/\/patmos.be\/index.php?rest_route=\/wp\/v2\/posts\/51\/revisions\/649"}],"wp:attachment":[{"href":"https:\/\/patmos.be\/index.php?rest_route=%2Fwp%2Fv2%2Fmedia&parent=51"}],"wp:term":[{"taxonomy":"category","embeddable":true,"href":"https:\/\/patmos.be\/index.php?rest_route=%2Fwp%2Fv2%2Fcategories&post=51"},{"taxonomy":"post_tag","embeddable":true,"href":"https:\/\/patmos.be\/index.php?rest_route=%2Fwp%2Fv2%2Ftags&post=51"}],"curies":[{"name":"wp","href":"https:\/\/api.w.org\/{rel}","templated":true}]}}